{"id":2295,"date":"2026-02-02T09:44:35","date_gmt":"2026-02-02T09:44:35","guid":{"rendered":"https:\/\/bppmg.pl\/?p=2295"},"modified":"2026-02-02T09:46:24","modified_gmt":"2026-02-02T09:46:24","slug":"powolanie-miejskiej-komisji-urbanistyczno-architektonicznej","status":"publish","type":"post","link":"https:\/\/bppmg.pl\/index.php\/2026\/02\/02\/powolanie-miejskiej-komisji-urbanistyczno-architektonicznej\/","title":{"rendered":"POWO\u0141ANIE MIEJSKIEJ KOMISJI URBANISTYCZNO-ARCHITEKTONICZNEJ"},"content":{"rendered":"\n<p><strong>Miejska Komisja Urbanistyczno \u2013 Architektoniczna<\/strong>&nbsp;zosta\u0142a powo\u0142ana Zarz\u0105dzeniem nr 2186\/26\/IX\/R Prezydenta Miasta Gdyni z dnia 27 stycznia 2026 roku jako organ doradczy Prezydenta w sprawach planowania i zagospodarowania przestrzennego. Kadencja Komisji trwa do 31 grudnia 2027 r.<\/p>\n\n\n\n<p><strong>Sk\u0142ad Komisji:<\/strong><\/p>\n\n\n\n<ol class=\"wp-block-list\">\n<li>mgr in\u017c. arch. D\u017cafar Bajraszewski<\/li>\n\n\n\n<li>mgr Tomasz Budziszewski<\/li>\n\n\n\n<li>dr hab. Jacek Friedrich<\/li>\n\n\n\n<li>dr in\u017c. arch. Barbara Jaszczuk \u2013 Skolimowska<\/li>\n\n\n\n<li>dr hab. in\u017c. arch. Karolina Kro\u015bnicka \u2013 Przewodnicz\u0105ca Komisji<\/li>\n\n\n\n<li>prof. dr hab. in\u017c. arch. Piotr Lorens<\/li>\n\n\n\n<li>dr in\u017c. arch. \u0141ukasz Pancewicz<\/li>\n\n\n\n<li>mgr Jakub Pietruszewski<\/li>\n\n\n\n<li>dr Wojciech Staszek<\/li>\n\n\n\n<li>dr in\u017c. Wojciech Szpakowski<\/li>\n<\/ol>\n\n\n\n<p><strong>Zakres dzia\u0142ania Komisji:<\/strong><br>1. Komisja opracowuje opinie w sprawach wynikaj\u0105cych z przepis\u00f3w prawa, a w szczeg\u00f3lno\u015bci dotycz\u0105cych:<\/p>\n\n\n\n<ul class=\"wp-block-list\">\n<li>projektu planu og\u00f3lnego gminy lub projektu jego zmiany,<\/li>\n\n\n\n<li>projekt\u00f3w miejscowych plan\u00f3w zagospodarowania przestrzennego lub projekt\u00f3w ich zmian,<\/li>\n\n\n\n<li>analizy zmian w zagospodarowania przestrzennym gminy, oceny post\u0119p\u00f3w w opracowywaniu plan\u00f3w miejscowych oraz wieloletnich program\u00f3w ich sporz\u0105dzania.<\/li>\n<\/ul>\n\n\n\n<p>2. W razie potrzeby Komisja opracowuje opinie w innych sprawach zwi\u0105zanych z zagospodarowaniem przestrzennym miasta, w tym w sprawach dotycz\u0105cych projekt\u00f3w decyzji o lokalizacji inwestycji celu publicznego lub ustaleniu warunk\u00f3w zabudowy w odniesieniu do innych inwestycji &#8211; maj\u0105cych istotne znaczenie dla wizerunku i funkcjonowania miasta.<\/p>\n\n\n\n<p><strong>Dodatkowe informacje:&nbsp;<\/strong><a href=\"http:\/\/www.gdynia.pl\/bip\/bppmg\">Biuro Planowania Przestrzennego Miasta Gdyni.<\/a><\/p>\n\n\n\n<p><\/p>\n\n\n\n<div data-wp-interactive=\"core\/file\" class=\"wp-block-file\"><object data-wp-bind--hidden=\"!state.hasPdfPreview\" hidden class=\"wp-block-file__embed\" data=\"https:\/\/bppmg.pl\/wp-content\/uploads\/2026\/02\/Zarzadzenie-nr-2186.26.IX_.R-z-27.01.2026.pdf\" type=\"application\/pdf\" style=\"width:100%;height:600px\" aria-label=\"Osadzone z Zarz\u0105dzenie nr 2186.26.IX.R z 27.01.2026.\"><\/object><a id=\"wp-block-file--media-c55d4be3-02ac-4e74-9e9c-ec451b6175fe\" href=\"https:\/\/bppmg.pl\/wp-content\/uploads\/2026\/02\/Zarzadzenie-nr-2186.26.IX_.R-z-27.01.2026.pdf\">Zarz\u0105dzenie nr 2186.26.IX.R z 27.01.2026<\/a><a href=\"https:\/\/bppmg.pl\/wp-content\/uploads\/2026\/02\/Zarzadzenie-nr-2186.26.IX_.R-z-27.01.2026.pdf\" class=\"wp-block-file__button wp-element-button\" download aria-describedby=\"wp-block-file--media-c55d4be3-02ac-4e74-9e9c-ec451b6175fe\">Pobierz<\/a><\/div>\n","protected":false},"excerpt":{"rendered":"<p>Miejska Komisja Urbanistyczno \u2013 Architektoniczna&nbsp;zosta\u0142a powo\u0142ana Zarz\u0105dzeniem nr 2186\/26\/IX\/R Prezydenta Miasta Gdyni z dnia 27 stycznia 2026 roku jako organ doradczy Prezydenta [&hellip;]<\/p>\n","protected":false},"author":1,"featured_media":2298,"comment_status":"closed","ping_status":"closed","sticky":false,"template":"","format":"standard","meta":{"footnotes":""},"categories":[1],"tags":[],"class_list":["post-2295","post","type-post","status-publish","format-standard","has-post-thumbnail","hentry","category-news"],"_links":{"self":[{"href":"https:\/\/bppmg.pl\/index.php\/wp-json\/wp\/v2\/posts\/2295","targetHints":{"allow":["GET"]}}],"collection":[{"href":"https:\/\/bppmg.pl\/index.php\/wp-json\/wp\/v2\/posts"}],"about":[{"href":"https:\/\/bppmg.pl\/index.php\/wp-json\/wp\/v2\/types\/post"}],"author":[{"embeddable":true,"href":"https:\/\/bppmg.pl\/index.php\/wp-json\/wp\/v2\/users\/1"}],"replies":[{"embeddable":true,"href":"https:\/\/bppmg.pl\/index.php\/wp-json\/wp\/v2\/comments?post=2295"}],"version-history":[{"count":1,"href":"https:\/\/bppmg.pl\/index.php\/wp-json\/wp\/v2\/posts\/2295\/revisions"}],"predecessor-version":[{"id":2297,"href":"https:\/\/bppmg.pl\/index.php\/wp-json\/wp\/v2\/posts\/2295\/revisions\/2297"}],"wp:featuredmedia":[{"embeddable":true,"href":"https:\/\/bppmg.pl\/index.php\/wp-json\/wp\/v2\/media\/2298"}],"wp:attachment":[{"href":"https:\/\/bppmg.pl\/index.php\/wp-json\/wp\/v2\/media?parent=2295"}],"wp:term":[{"taxonomy":"category","embeddable":true,"href":"https:\/\/bppmg.pl\/index.php\/wp-json\/wp\/v2\/categories?post=2295"},{"taxonomy":"post_tag","embeddable":true,"href":"https:\/\/bppmg.pl\/index.php\/wp-json\/wp\/v2\/tags?post=2295"}],"curies":[{"name":"wp","href":"https:\/\/api.w.org\/{rel}","templated":true}]}}